{"id":35,"date":"2013-09-06T12:28:37","date_gmt":"2013-09-06T10:28:37","guid":{"rendered":"http:\/\/denkbilder.eu\/?p=35"},"modified":"2014-09-11T09:33:26","modified_gmt":"2014-09-11T07:33:26","slug":"reden-wir-uebers-essen","status":"publish","type":"post","link":"https:\/\/denkbilder.eu\/?p=35","title":{"rendered":"6. September 2013"},"content":{"rendered":"<p><span style=\"font-family: times new roman,times; font-size: 14px; color: #000000;\"><strong><span style=\"font-size: 16px;\">DENKBILDER Regula St\u00e4mpfli \u00fcber K\u00fche, Confit und Arendt &#8211; oder war es anders rum?<\/span><\/strong><br \/>\n<\/span><\/p>\n<p><span style=\"font-family: times new roman,times; font-size: 14px; color: #000000;\">\u00a0\u00a0\u00a0\u00a0\u00a0\u00a0\u00a0\u00a0\u00a0\u00a0\u00a0\u00a0\u00a0\u00a0\u00a0\u00a0\u00a0\u00a0\u00a0\u00a0\u00a0\u00a0\u00a0\u00a0\u00a0\u00a0\u00a0\u00a0\u00a0\u00a0\u00a0\u00a0\u00a0\u00a0\u00a0\u00a0\u00a0\u00a0\u00a0\u00a0\u00a0\u00a0\u00a0\u00a0\u00a0\u00a0\u00a0\u00a0\u00a0\u00a0\u00a0\u00a0\u00a0\u00a0\u00a0\u00a0\u00a0\u00a0\u00a0 \u00a0 \u00a0 \u00a0 \u00a0 \u00a0 \u00a0 \u00a0 \u00a0 \u00a0 \u00a0 \u00a0 \u00a0 \u00a0 \u00a0 \u00a0 \u00a0 \u00a0 \u00a0 \u00a0 \u00a0 \u00a0 \u00a0 \u00a0 \u00a0\u00a0 -das Bild wurde aufgenommen von Yanik B\u00fcrkli<br \/>\n<\/span><\/p>\n<p><span style=\"font-size: 28px; color: #000000;\"><strong><span style=\"font-family: times new roman,times;\">Reden wir \u00fcbers Essen<br \/>\n<\/span><\/strong><\/span><\/p>\n<p><a href=\"https:\/\/denkbilder.eu\/wp-content\/uploads\/2013\/09\/Bild-6.9.13.jpg\"><img loading=\"lazy\" class=\"alignnone size-full wp-image-46\" alt=\"B\u00fcndner Tagblatt, 6.9.2013\" src=\"https:\/\/denkbilder.eu\/wp-content\/uploads\/2013\/09\/Bild-6.9.13.jpg\" width=\"1485\" height=\"1068\" srcset=\"https:\/\/denkbilder.eu\/wp-content\/uploads\/2013\/09\/Bild-6.9.13.jpg 1485w, https:\/\/denkbilder.eu\/wp-content\/uploads\/2013\/09\/Bild-6.9.13-300x215.jpg 300w, https:\/\/denkbilder.eu\/wp-content\/uploads\/2013\/09\/Bild-6.9.13-1024x736.jpg 1024w\" sizes=\"(max-width: 1485px) 100vw, 1485px\" \/><\/a><\/p>\n<table style=\"width: 709px; height: 329px;\" border=\"0\">\n<tbody>\n<tr class=\"aligncenter\" align=\"left\" valign=\"top\">\n<td style=\"width: 225px; text-align: justify;\" scope=\"colgroup\">\n<p style=\"text-align: center;\"><span style=\"font-size: 72px; font-family: times new roman,times;\">K<\/span><\/p>\n<p style=\"text-align: justify;\"><span style=\"font-family: times new roman,times; font-size: 14px;\"><span lang=\"DE-CH\" style=\"line-height: 115%;\">K\u00fche fressen Gras. Dies seit Jahr- hunderten und immer auf dieselbe Art und Weise. Menschen fressen K\u00fche, aber immer wieder anders. Vor 1530 wurde hierzulande geschleckt, ge- schl\u00fcrft, geschmatzt. Da stand die halbe Kuh auf dem Tisch. Jeder langte nach der halben Kuh, schnitt ein St\u00fcck raus und verschlang es mit <\/span><span lang=\"DE-CH\" style=\"line-height: 115%;\"><span lang=\"DE-CH\" style=\"line-height: 115%;\">grosser Freude. Fleisch war so rar, dass man noch sehen musste, was es <\/span><\/span><\/span><span style=\"font-family: times new roman,times; font-size: 14px;\"><span lang=\"DE-CH\" style=\"line-height: 115%;\"><span lang=\"DE-CH\" style=\"line-height: 115%;\">urspr\u00fcnglich war. Die Finger wurden<\/span><\/span><\/span><\/p>\n<\/td>\n<td style=\"width: 225px; text-align: justify;\" scope=\"colgroup\"><span style=\"font-family: times new roman,times; font-size: 14px;\"><span lang=\"DE-CH\" style=\"line-height: 115%;\"><span lang=\"DE-CH\" style=\"line-height: 115%;\">fettig. Man leckte sie entweder ab oder putzte sie am Rock. <\/span>Zwischendurch trank man aus dem gemeinsamen Krug und bot der Nachbarin das angebissene St\u00fcck Brot an.<\/span>Das passte wiederum Erasmus von Rotterdam \u00fcberhaupt nicht. 1530 schrieb er den Knigge der damaligen Zeit und meinte streng:&#8220;Lass das lieber&#8220;.<span lang=\"DE-CH\" style=\"line-height: 115%;\"><br \/>\n<\/span>Der Weg der Kuh von der Wiese auf unsere Teller bestimmt seitdem die Menschheitsgeschichte. Es ist eine Geschichte der wachsenden Distanz. &#8222;Weltverlust&#8220; nennt es die Philosophin Hannah Arendt, Marx &#8222;Entfremdung&#8220;<\/span><\/td>\n<td style=\"width: 225px; text-align: justify;\" scope=\"colgroup\"><span style=\"font-family: times new roman,times; font-size: 14px;\">und der CEO der UBS &#8222;Wertsch\u00f6pfung&#8220;. Je mehr Abstand zwischen der Kuh auf der Weide und dem Confit de boeuf gelegt wird, umso moderner gilt die Gesellschaft. Wo k\u00e4men wir hin, wenn wir einer Scheibe <span lang=\"DE-CH\" style=\"line-height: 115%;\">B\u00fcndnerfleisch noch die Kuh auf der Weide ansehen w\u00fcrden? In Deutschland ist teilweise das St\u00fcck Kuh billiger als die Meringue aus demEmmental. Das ist der Prozess der Zivilisation. Doch mit &#8222;zivilisiert&#8220; hat die nur noch wenig zu tun. Was nicht bedeutet, dass ich die K\u00fche auf dem Bild niemals essen w\u00fcrde.<\/span><\/span><\/td>\n<\/tr>\n<\/tbody>\n<\/table>\n","protected":false},"excerpt":{"rendered":"<p>DENKBILDER Regula St\u00e4mpfli \u00fcber K\u00fche, Confit und Arendt &#8211; oder war es anders rum? \u00a0\u00a0\u00a0\u00a0\u00a0\u00a0\u00a0\u00a0\u00a0\u00a0\u00a0\u00a0\u00a0\u00a0\u00a0\u00a0\u00a0\u00a0\u00a0\u00a0\u00a0\u00a0\u00a0\u00a0\u00a0\u00a0\u00a0\u00a0\u00a0\u00a0\u00a0\u00a0\u00a0\u00a0\u00a0\u00a0\u00a0\u00a0\u00a0\u00a0\u00a0\u00a0\u00a0\u00a0\u00a0\u00a0\u00a0\u00a0\u00a0\u00a0\u00a0\u00a0\u00a0\u00a0\u00a0\u00a0\u00a0\u00a0\u00a0 \u00a0 \u00a0 \u00a0 \u00a0 \u00a0 \u00a0 \u00a0 \u00a0 \u00a0 \u00a0 \u00a0 \u00a0 \u00a0 \u00a0 \u00a0 \u00a0 \u00a0 \u00a0 \u00a0 \u00a0 \u00a0 \u00a0 \u00a0 \u00a0\u00a0 -das Bild wurde aufgenommen von Yanik B\u00fcrkli Reden wir \u00fcbers Essen K K\u00fche fressen Gras. Dies [&hellip;]<\/p>\n","protected":false},"author":1,"featured_media":46,"comment_status":"open","ping_status":"open","sticky":false,"template":"","format":"standard","meta":[],"categories":[1],"tags":[],"uagb_featured_image_src":{"full":["https:\/\/denkbilder.eu\/wp-content\/uploads\/2013\/09\/Bild-6.9.13.jpg",1485,1068,false],"thumbnail":["https:\/\/denkbilder.eu\/wp-content\/uploads\/2013\/09\/Bild-6.9.13-150x150.jpg",150,150,true],"medium":["https:\/\/denkbilder.eu\/wp-content\/uploads\/2013\/09\/Bild-6.9.13-300x215.jpg",300,215,true],"medium_large":["https:\/\/denkbilder.eu\/wp-content\/uploads\/2013\/09\/Bild-6.9.13.jpg",700,503,false],"large":["https:\/\/denkbilder.eu\/wp-content\/uploads\/2013\/09\/Bild-6.9.13-1024x736.jpg",700,503,true],"1536x1536":["https:\/\/denkbilder.eu\/wp-content\/uploads\/2013\/09\/Bild-6.9.13.jpg",1485,1068,false],"2048x2048":["https:\/\/denkbilder.eu\/wp-content\/uploads\/2013\/09\/Bild-6.9.13.jpg",1485,1068,false],"home-post":["https:\/\/denkbilder.eu\/wp-content\/uploads\/2013\/09\/Bild-6.9.13.jpg",360,259,false],"single-post":["https:\/\/denkbilder.eu\/wp-content\/uploads\/2013\/09\/Bild-6.9.13-700x467.jpg",700,467,true]},"uagb_author_info":{"display_name":"RegSt","author_link":"https:\/\/denkbilder.eu\/?author=1"},"uagb_comment_info":0,"uagb_excerpt":"DENKBILDER Regula St\u00e4mpfli \u00fcber K\u00fche, Confit und Arendt &#8211; oder war es anders rum? \u00a0\u00a0\u00a0\u00a0\u00a0\u00a0\u00a0\u00a0\u00a0\u00a0\u00a0\u00a0\u00a0\u00a0\u00a0\u00a0\u00a0\u00a0\u00a0\u00a0\u00a0\u00a0\u00a0\u00a0\u00a0\u00a0\u00a0\u00a0\u00a0\u00a0\u00a0\u00a0\u00a0\u00a0\u00a0\u00a0\u00a0\u00a0\u00a0\u00a0\u00a0\u00a0\u00a0\u00a0\u00a0\u00a0\u00a0\u00a0\u00a0\u00a0\u00a0\u00a0\u00a0\u00a0\u00a0\u00a0\u00a0\u00a0\u00a0 \u00a0 \u00a0 \u00a0 \u00a0 \u00a0 \u00a0 \u00a0 \u00a0 \u00a0 \u00a0 \u00a0 \u00a0 \u00a0 \u00a0 \u00a0 \u00a0 \u00a0 \u00a0 \u00a0 \u00a0 \u00a0 \u00a0 \u00a0 \u00a0\u00a0 -das Bild wurde aufgenommen von Yanik B\u00fcrkli Reden wir \u00fcbers Essen K K\u00fche fressen Gras. Dies&hellip;","_links":{"self":[{"href":"https:\/\/denkbilder.eu\/index.php?rest_route=\/wp\/v2\/posts\/35"}],"collection":[{"href":"https:\/\/denkbilder.eu\/index.php?rest_route=\/wp\/v2\/posts"}],"about":[{"href":"https:\/\/denkbilder.eu\/index.php?rest_route=\/wp\/v2\/types\/post"}],"author":[{"embeddable":true,"href":"https:\/\/denkbilder.eu\/index.php?rest_route=\/wp\/v2\/users\/1"}],"replies":[{"embeddable":true,"href":"https:\/\/denkbilder.eu\/index.php?rest_route=%2Fwp%2Fv2%2Fcomments&post=35"}],"version-history":[{"count":20,"href":"https:\/\/denkbilder.eu\/index.php?rest_route=\/wp\/v2\/posts\/35\/revisions"}],"predecessor-version":[{"id":512,"href":"https:\/\/denkbilder.eu\/index.php?rest_route=\/wp\/v2\/posts\/35\/revisions\/512"}],"wp:featuredmedia":[{"embeddable":true,"href":"https:\/\/denkbilder.eu\/index.php?rest_route=\/wp\/v2\/media\/46"}],"wp:attachment":[{"href":"https:\/\/denkbilder.eu\/index.php?rest_route=%2Fwp%2Fv2%2Fmedia&parent=35"}],"wp:term":[{"taxonomy":"category","embeddable":true,"href":"https:\/\/denkbilder.eu\/index.php?rest_route=%2Fwp%2Fv2%2Fcategories&post=35"},{"taxonomy":"post_tag","embeddable":true,"href":"https:\/\/denkbilder.eu\/index.php?rest_route=%2Fwp%2Fv2%2Ftags&post=35"}],"curies":[{"name":"wp","href":"https:\/\/api.w.org\/{rel}","templated":true}]}}