{"id":625,"date":"2015-02-06T14:15:41","date_gmt":"2015-02-06T12:15:41","guid":{"rendered":"http:\/\/denkbilder.eu\/?p=625"},"modified":"2015-02-11T14:17:35","modified_gmt":"2015-02-11T12:17:35","slug":"6-februar-2015","status":"publish","type":"post","link":"https:\/\/denkbilder.eu\/?p=625","title":{"rendered":"6. Februar 2015"},"content":{"rendered":"<p>&nbsp;<\/p>\n<p><strong>DENKBILDER Regula St\u00e4mpfli \u00fcber die Bilderflut und &#8222;ratternde Algorithmen&#8220;<\/strong><\/p>\n<p>&nbsp;<\/p>\n<p style=\"text-align: right;\"><span style=\"font-family: times new roman,times; font-size: 14px;\">&#8211; das Bild wurde aufgenommen von Yanik B\u00fcrkli<\/span><\/p>\n<p><span style=\"font-family: times new roman,times; font-size: 24px;\">Wenn \u201eKarnickel\u201c sich von der \u201eBurka aus Fleisch\u201c ern\u00e4hren<\/span><\/p>\n<p><a href=\"https:\/\/denkbilder.eu\/wp-content\/uploads\/2015\/02\/Denkbild-34.png\"><img loading=\"lazy\" class=\"alignnone size-large wp-image-626\" alt=\"Denkbild 34\" src=\"https:\/\/denkbilder.eu\/wp-content\/uploads\/2015\/02\/Denkbild-34-1024x682.png\" width=\"640\" height=\"426\" srcset=\"https:\/\/denkbilder.eu\/wp-content\/uploads\/2015\/02\/Denkbild-34-1024x682.png 1024w, https:\/\/denkbilder.eu\/wp-content\/uploads\/2015\/02\/Denkbild-34-300x200.png 300w, https:\/\/denkbilder.eu\/wp-content\/uploads\/2015\/02\/Denkbild-34-700x467.png 700w, https:\/\/denkbilder.eu\/wp-content\/uploads\/2015\/02\/Denkbild-34.png 1890w\" sizes=\"(max-width: 640px) 100vw, 640px\" \/><\/a><\/p>\n<p>[one_third]<\/p>\n<p style=\"text-align: center;\"><span style=\"font-family: arial,helvetica,sans-serif; font-size: 62px;\">N<\/span><\/p>\n<p><span style=\"font-family: arial,helvetica,sans-serif; font-size: 12px;\">Nach Papst Franziskus\u2019 \u00c4usserung, Katholiken sollten sich nicht wie \u201eKarnickel\u201c vermehren, meldet sich Deutschlands h\u00f6chster Kaninchenz\u00fcchter (ganz ehrlich!) zu Wort: Die Aussage des Papstes sei pauschal und unn\u00f6tig. \u201eDie sexuellen Ausschweifungen tr\u00e4fen nur auf die freilebenden Tiere zu. Die Fortpflanzung bei Zuchtkaninchen verlaufe hingegen in geordneten Bahnen.\u201c Alles also in Ordnung, wenn sich die katholischen Menschen wie Zuchttiere verhalten? Vielleicht finden wir ja Erhellendes in der p\u00e4pstlichen Konferenz<br \/>\n<\/span><\/p>\n<p><span style=\"font-family: arial,helvetica,sans-serif; font-size: 12px;\">[\/one_third]<\/span><\/p>\n<p><span style=\"font-family: arial,helvetica,sans-serif; font-size: 12px;\">[one_third]<\/span><\/p>\n<p><span style=\"font-family: arial,helvetica,sans-serif; font-size: 12px;\">zum Thema Frauen, die diese Woche im Vatikan stattfindet. Einen ersten Eindruck davon, was sich die Kurie beim Thema \u201eFrauen\u201c so alles denkt, gab die p\u00e4pstliche Entourage, indem sie Sch\u00f6nheitsoperationen als \u201eBurka aus Fleisch\u201c bezeichneten. Dass das Oberhaupt aller Katholiken sich eher um das Aussehen der Frauen statt um deren Forderungen nach gleichem Lohn oder gar um ihr Recht aufs Priestertum k\u00fcmmert, mag angesichts der kritisch dokumentierten Historie der Katholischen Kirche in punkto fleischlichen Ausschweifungen etwas erstaunen. Zwar finde auch ich, dass man die \u201erein funktionale Herangehensweise an den K\u00f6rper der Frau im Sinne von Verf\u00fchrung,<\/span><\/p>\n<p><span style=\"font-family: arial,helvetica,sans-serif; font-size: 12px;\">[\/one_third]<\/span><\/p>\n<p><span style=\"font-family: arial,helvetica,sans-serif; font-size: 12px;\">[one_third_last]<\/span><\/p>\n<p><span style=\"font-family: arial,helvetica,sans-serif; font-size: 12px;\">Kommerzialisierung und Marketing\u201c (Worlaut p\u00e4pstliche Konferenz) ab und an \u00fcberdenken sollte. Doch dies ausgerechnet in einem Gremium zu tun, das sich \u00fcber 2000 Jahre einge\u00fcbt hat, den weiblichen K\u00f6rper zu d\u00e4monisieren, mit Schuld zu beladen und in Glaubenskrisen sogar zu verbrennen, entbergt nicht eines gewissen Zynismus. W\u00e4re sch\u00f6n, wenn dies auch der deutsche Kaninchenz\u00fcchterverein beanstanden w\u00fcrde. Aber der hoppelt in punkto Humor dem fidelen Papst aus Argentinien weit hinterher indem er selbst seinen H\u00e4schen den Spass herausgez\u00fcchtet hat.<\/span><\/p>\n<p><span style=\"font-family: arial,helvetica,sans-serif; font-size: 12px;\">[\/one_third_last]<\/span><\/p>\n<p><span style=\"font-family: arial,helvetica,sans-serif; font-size: 12px;\">\u00a0<\/span><\/p>\n","protected":false},"excerpt":{"rendered":"<p>&nbsp; DENKBILDER Regula St\u00e4mpfli \u00fcber die Bilderflut und &#8222;ratternde Algorithmen&#8220; &nbsp; &#8211; das Bild wurde aufgenommen von Yanik B\u00fcrkli Wenn \u201eKarnickel\u201c sich von der \u201eBurka aus Fleisch\u201c ern\u00e4hren [one_third] N Nach Papst Franziskus\u2019 \u00c4usserung, Katholiken sollten sich nicht wie \u201eKarnickel\u201c vermehren, meldet sich Deutschlands h\u00f6chster Kaninchenz\u00fcchter (ganz ehrlich!) zu Wort: Die Aussage des Papstes sei [&hellip;]<\/p>\n","protected":false},"author":1,"featured_media":626,"comment_status":"open","ping_status":"open","sticky":false,"template":"","format":"standard","meta":[],"categories":[1],"tags":[],"uagb_featured_image_src":{"full":["https:\/\/denkbilder.eu\/wp-content\/uploads\/2015\/02\/Denkbild-34.png",1890,1260,false],"thumbnail":["https:\/\/denkbilder.eu\/wp-content\/uploads\/2015\/02\/Denkbild-34-150x150.png",150,150,true],"medium":["https:\/\/denkbilder.eu\/wp-content\/uploads\/2015\/02\/Denkbild-34-300x200.png",300,200,true],"medium_large":["https:\/\/denkbilder.eu\/wp-content\/uploads\/2015\/02\/Denkbild-34.png",700,467,false],"large":["https:\/\/denkbilder.eu\/wp-content\/uploads\/2015\/02\/Denkbild-34-1024x682.png",700,466,true],"1536x1536":["https:\/\/denkbilder.eu\/wp-content\/uploads\/2015\/02\/Denkbild-34.png",1536,1024,false],"2048x2048":["https:\/\/denkbilder.eu\/wp-content\/uploads\/2015\/02\/Denkbild-34.png",1890,1260,false],"home-post":["https:\/\/denkbilder.eu\/wp-content\/uploads\/2015\/02\/Denkbild-34.png",360,240,false],"single-post":["https:\/\/denkbilder.eu\/wp-content\/uploads\/2015\/02\/Denkbild-34-700x467.png",700,467,true]},"uagb_author_info":{"display_name":"RegSt","author_link":"https:\/\/denkbilder.eu\/?author=1"},"uagb_comment_info":0,"uagb_excerpt":"&nbsp; DENKBILDER Regula St\u00e4mpfli \u00fcber die Bilderflut und &#8222;ratternde Algorithmen&#8220; &nbsp; &#8211; das Bild wurde aufgenommen von Yanik B\u00fcrkli Wenn \u201eKarnickel\u201c sich von der \u201eBurka aus Fleisch\u201c ern\u00e4hren [one_third] N Nach Papst Franziskus\u2019 \u00c4usserung, Katholiken sollten sich nicht wie \u201eKarnickel\u201c vermehren, meldet sich Deutschlands h\u00f6chster Kaninchenz\u00fcchter (ganz ehrlich!) zu Wort: Die Aussage des Papstes sei&hellip;","_links":{"self":[{"href":"https:\/\/denkbilder.eu\/index.php?rest_route=\/wp\/v2\/posts\/625"}],"collection":[{"href":"https:\/\/denkbilder.eu\/index.php?rest_route=\/wp\/v2\/posts"}],"about":[{"href":"https:\/\/denkbilder.eu\/index.php?rest_route=\/wp\/v2\/types\/post"}],"author":[{"embeddable":true,"href":"https:\/\/denkbilder.eu\/index.php?rest_route=\/wp\/v2\/users\/1"}],"replies":[{"embeddable":true,"href":"https:\/\/denkbilder.eu\/index.php?rest_route=%2Fwp%2Fv2%2Fcomments&post=625"}],"version-history":[{"count":4,"href":"https:\/\/denkbilder.eu\/index.php?rest_route=\/wp\/v2\/posts\/625\/revisions"}],"predecessor-version":[{"id":630,"href":"https:\/\/denkbilder.eu\/index.php?rest_route=\/wp\/v2\/posts\/625\/revisions\/630"}],"wp:featuredmedia":[{"embeddable":true,"href":"https:\/\/denkbilder.eu\/index.php?rest_route=\/wp\/v2\/media\/626"}],"wp:attachment":[{"href":"https:\/\/denkbilder.eu\/index.php?rest_route=%2Fwp%2Fv2%2Fmedia&parent=625"}],"wp:term":[{"taxonomy":"category","embeddable":true,"href":"https:\/\/denkbilder.eu\/index.php?rest_route=%2Fwp%2Fv2%2Fcategories&post=625"},{"taxonomy":"post_tag","embeddable":true,"href":"https:\/\/denkbilder.eu\/index.php?rest_route=%2Fwp%2Fv2%2Ftags&post=625"}],"curies":[{"name":"wp","href":"https:\/\/api.w.org\/{rel}","templated":true}]}}