{"id":787,"date":"2015-06-05T23:09:28","date_gmt":"2015-06-05T21:09:28","guid":{"rendered":"http:\/\/denkbilder.eu\/?p=787"},"modified":"2021-04-07T09:24:38","modified_gmt":"2021-04-07T07:24:38","slug":"5-juni-2015","status":"publish","type":"post","link":"https:\/\/denkbilder.eu\/?p=787","title":{"rendered":"5. Juni 2015"},"content":{"rendered":"\n<div class=\"wp-block-cover has-background-dim has-custom-content-position is-position-top-left\" style=\"background-color:#b62d00\"><div class=\"wp-block-cover__inner-container\">\n<p class=\"has-text-align-left has-large-font-size\">\u00dcber die Metapher vom heilen Haus mit Dach, Fenster, Mauer und T\u00fcr<\/p>\n\n\n\n<figure class=\"wp-block-image size-large\"><a href=\"https:\/\/denkbilder.eu\/wp-content\/uploads\/2016\/01\/Denkbild-55.jpg\"><img loading=\"lazy\" width=\"1024\" height=\"681\" src=\"https:\/\/denkbilder.eu\/wp-content\/uploads\/2016\/01\/Denkbild-55-1024x681.jpg\" alt=\"\" class=\"wp-image-788\" srcset=\"https:\/\/denkbilder.eu\/wp-content\/uploads\/2016\/01\/Denkbild-55-1024x681.jpg 1024w, https:\/\/denkbilder.eu\/wp-content\/uploads\/2016\/01\/Denkbild-55-300x199.jpg 300w, https:\/\/denkbilder.eu\/wp-content\/uploads\/2016\/01\/Denkbild-55-700x467.jpg 700w\" sizes=\"(max-width: 1024px) 100vw, 1024px\" \/><\/a><\/figure>\n\n\n\n<h5 class=\"has-text-align-right\">das Bild wurde aufgenommen von Olivia Item<\/h5>\n\n\n\n<h4><strong>DENKBILDER Regula St\u00e4mpfli \u00fcber die Bilderflut und &#8222;ratternde Algorithmen&#8220;<\/strong><\/h4>\n\n\n\n<p class=\"has-drop-cap\">K\u00fcrzlich titelte eine Zeitung: \u201eDie Roboter kommen! Schaffen die Maschinen den Menschen ab?\u201c und ich antwortete sofort (ja, ich gebe es zu, ich rede manchmal mit Tageszeitungen, laach): \u201eNicht die Tatsache, dass Roboter wie Menschen werden, macht mir Angst, sondern dass sich Menschen mehr und mehr wie Automaten benehmen.\u201c Ist dies nicht paradox? Indem wir Dinge kreieren, die alles wissen, vergessen wir uns selber. <\/p>\n\n\n\n<p>Appropos paradox. Peter Singer, ein \u00fcbles und \u00fcbliches Exemplar unter modernen Bioethikern, h\u00e4tte am diesj\u00e4hrigen Philosophiefestival in K\u00f6ln \u00fcber das Thema: \u201eRetten Veganer die Welt?\u201c sprechen sollen. Peter Singer wurde von den Veranstaltern wieder ausgeladen, was ich v\u00f6llig daneben finde, da man ihn gar nie h\u00e4tte einladen d\u00fcrfen. Der alte Mann vertritt n\u00e4mlich seit Jahrzehnten die in den Medien gerne ver\u00f6ffentlichte Meinung, dass schwerbehinderte Neugeborene get\u00f6tet werden sollten, dass man, vor die Wahl gestellt, mehrere Schweine oder ein Kind zu retten, sich immer f\u00fcr die Tiere entscheiden m\u00fcsse und dass Sterbehilfe generell die effektivste Methode sei, um mit den den Problemen der \u00dcberbev\u00f6lkerung klar zu kommen. Singer ist unter den Bef\u00fcrwortern der PID, \u00fcber die wir in zwei Tagen abstimmen werden \u00fcbrigens ein Vordenker und Quasi-Heiliger, was eigentlich schon alles \u00fcber die Verfassungs\u00e4nderung sagt.<\/p>\n\n\n\n<p>Der zauberhafte Medienphilosoph Vil\u00e9m Flusser (1920-1991) erw\u00e4hnte in diesem Zusammenhang einmal, dass die Metapher vom \u201eheilen Haus mit Dach, Mauer, Fenster und T\u00fcr\u201c f\u00fcr uns moderne Menschen leider nicht mehr gelten darf. Dieses Haus gibt es nicht mehr. \u201e<em><strong>Das Haus von Heute ist nur noch eine Ruine, durch deren Risse der Wind der Kommunikation bl\u00e4st.\u201c<\/strong><\/em> W\u00e4re doch sch\u00f6n, wenn der \u201eWind der Kommunikation\u201c , der durch die Risse weht, sich punkto Reproduktionsindustrie nur als warme Luft, ja als boethische Flatulenz erweist \u2013 ein kleines Nein w\u00e4re hier die beste L\u00f6sung, um den eugenischen Dunst loszuwerden. Und dann machen wir uns doch mit Flusser auf, die Ruine wunderbar neu zu beleben, zu transformieren. Sie s\u00e4he dann dem bunten und fr\u00f6hlichen Lindermanns in \u201eDowntown Arosa\u201c , hier im Bild, wohl nicht un\u00e4hnlich. Bitte mehr Farbe also. \u00dcberall und jederzeit! Vor allem auch, wenn es um die \u201eAuswahl\u201c von Menschen geht.<\/p>\n<\/div><\/div>\n","protected":false},"excerpt":{"rendered":"","protected":false},"author":1,"featured_media":788,"comment_status":"open","ping_status":"open","sticky":false,"template":"","format":"standard","meta":[],"categories":[1],"tags":[],"uagb_featured_image_src":{"full":["https:\/\/denkbilder.eu\/wp-content\/uploads\/2016\/01\/Denkbild-55.jpg",4256,2832,false],"thumbnail":["https:\/\/denkbilder.eu\/wp-content\/uploads\/2016\/01\/Denkbild-55-150x150.jpg",150,150,true],"medium":["https:\/\/denkbilder.eu\/wp-content\/uploads\/2016\/01\/Denkbild-55-300x199.jpg",300,199,true],"medium_large":["https:\/\/denkbilder.eu\/wp-content\/uploads\/2016\/01\/Denkbild-55.jpg",700,466,false],"large":["https:\/\/denkbilder.eu\/wp-content\/uploads\/2016\/01\/Denkbild-55-1024x681.jpg",700,466,true],"1536x1536":["https:\/\/denkbilder.eu\/wp-content\/uploads\/2016\/01\/Denkbild-55.jpg",1536,1022,false],"2048x2048":["https:\/\/denkbilder.eu\/wp-content\/uploads\/2016\/01\/Denkbild-55.jpg",2048,1363,false],"home-post":["https:\/\/denkbilder.eu\/wp-content\/uploads\/2016\/01\/Denkbild-55.jpg",360,240,false],"single-post":["https:\/\/denkbilder.eu\/wp-content\/uploads\/2016\/01\/Denkbild-55-700x467.jpg",700,467,true]},"uagb_author_info":{"display_name":"RegSt","author_link":"https:\/\/denkbilder.eu\/?author=1"},"uagb_comment_info":0,"uagb_excerpt":null,"_links":{"self":[{"href":"https:\/\/denkbilder.eu\/index.php?rest_route=\/wp\/v2\/posts\/787"}],"collection":[{"href":"https:\/\/denkbilder.eu\/index.php?rest_route=\/wp\/v2\/posts"}],"about":[{"href":"https:\/\/denkbilder.eu\/index.php?rest_route=\/wp\/v2\/types\/post"}],"author":[{"embeddable":true,"href":"https:\/\/denkbilder.eu\/index.php?rest_route=\/wp\/v2\/users\/1"}],"replies":[{"embeddable":true,"href":"https:\/\/denkbilder.eu\/index.php?rest_route=%2Fwp%2Fv2%2Fcomments&post=787"}],"version-history":[{"count":5,"href":"https:\/\/denkbilder.eu\/index.php?rest_route=\/wp\/v2\/posts\/787\/revisions"}],"predecessor-version":[{"id":1699,"href":"https:\/\/denkbilder.eu\/index.php?rest_route=\/wp\/v2\/posts\/787\/revisions\/1699"}],"wp:featuredmedia":[{"embeddable":true,"href":"https:\/\/denkbilder.eu\/index.php?rest_route=\/wp\/v2\/media\/788"}],"wp:attachment":[{"href":"https:\/\/denkbilder.eu\/index.php?rest_route=%2Fwp%2Fv2%2Fmedia&parent=787"}],"wp:term":[{"taxonomy":"category","embeddable":true,"href":"https:\/\/denkbilder.eu\/index.php?rest_route=%2Fwp%2Fv2%2Fcategories&post=787"},{"taxonomy":"post_tag","embeddable":true,"href":"https:\/\/denkbilder.eu\/index.php?rest_route=%2Fwp%2Fv2%2Ftags&post=787"}],"curies":[{"name":"wp","href":"https:\/\/api.w.org\/{rel}","templated":true}]}}